{"height": 426, "html": "<iframe class=\"streamable-embed\" src=\"https://streamable.com/o/rgrsz\" frameborder=\"0\" scrolling=\"no\" width=\"764\" height=\"426\" allowfullscreen></iframe>", "provider_name": "Streamable", "provider_url": "https://streamable.com", "thumbnail_url": "//cdn-cf-east.streamable.com/image/rgrsz_1.jpg?Expires=1777418760&Signature=T80i8otuNGxF7fYlSLBbBdnFXYX88oxXg1IpeyepZ3unnJHAlGRbDkqgmKoVcfu~Yg8aN~htAvfJ0Gi6W2WbW4xvfLA58ncuTykgjCRMLPHAcVHZtE6Pgs7Y66XYcFzE5-A9Ae2tR9v0vzOCKeoZq~dItq4XixrfK5lA-ZgQzQW-wa630SNboLDhpp2-ggPWx6DfxYN3~~6L400uk~oCC01c1oeCuEsXkiwg1myECQKdUEnnALvP5YN~P~RRVewEPsJZBeoI~9ubJ6PU9d1ATPUM~m6vdQ8L-wYVY5B4F0RBkauhnsGHvrUtILiDQFnY6rJOLP~aqWvXIVM0I7ZGqg__&Key-Pair-Id=APKAIEYUVEN4EVB2OKEQ", "thumbnail_width": 764, "thumbnail_height": 426, "title": "Reac\u00e7\u00e3o de Frederico Varandas \u00e0 derrota em Alverca", "type": "video", "version": "1.0", "width": 764}