{"height": 720, "html": "<iframe class=\"streamable-embed\" src=\"https://streamable.com/o/mt2dwc\" frameborder=\"0\" scrolling=\"no\" width=\"1280\" height=\"720\" allowfullscreen></iframe>", "provider_name": "Streamable", "provider_url": "https://streamable.com", "thumbnail_url": "https://cdn-cf-east.streamable.com/image/mt2dwc.jpg?Expires=1788192444628&Key-Pair-Id=APKAIEYUVEN4EVB2OKEQ&Signature=HfZytpKdrwUHdIGCXNyeGQtPJaf9L3ducjxcO2e4SeQw~rnO8Jof-vJqMUxAWGi33B79ajWC5-J6-2RGE2g9UlPVWbKR67gBG0SzSblJ8z9nU2F0rX9cSmeLyaCljVRAiqdn52sXqFGUT~L6tXMrwdMyiOCCymwRgCX6phqkJlo0Exy6WBk7tcXXqEnkMWdGzkwS1MmzDmfqjb0iF9Qx3kLwGG1Svz3bUBfQoFJeWB7ZHEjoDc19TmAuZTBbMnz432I0OawBS4AvvjJ0Dy40rEmreg~nVSyWrRycdjiKDi4GfElNH4kdO7AAWQzcuonI7iS25y~Q~Yw6803KE6YNng__", "thumbnail_width": 1280, "thumbnail_height": 720, "title": "Lek. med. Micha\u0142 Sutkowski, Prodziekan Wydzia\u0142u Medycznego, absolwent Akademii Medycznej i Prezes Warszawskich Lekarzy Rodzinnych og\u0142osi\u0142, \u017ce w Polsce mamy  pandemi\u0119 \u201eKORONA\u015aWIRUSA\u201d", "type": "video", "version": "1.0", "width": 1280}