{"height": 360, "html": "<iframe class=\"streamable-embed\" src=\"https://streamable.com/o/cc5ci\" frameborder=\"0\" scrolling=\"no\" width=\"640\" height=\"360\" allowfullscreen></iframe>", "provider_name": "Streamable", "provider_url": "https://streamable.com", "thumbnail_url": "//cdn-cf-east.streamable.com/image/cc5ci.jpg?Expires=1777446960&Signature=T8yzhg15VoddVjR0t6Pr0pSw9A51O9WG3IYIF2i6M-UlhzZAaqRZmRIYPqcSiQhpSfJfijAcEpm1q0jUPqPast-KhRnwMKt3B9efOdWAYhaaITng5ZtsmbGOa16NWnSCv2jBZU9MyvLFJuNvoZNmwhBxLGPlJljg-BKdy1Y3D~UThPWXSAu5tjpudnl3VAha-yQkyDDrydeauZfm8J2DhI4UGu4yA6SnsvKAMlbDS-vt8IHIIxKxdf0~wCx-1U96VOfhowDEzpvJSDpmbhkX5ePVJSVxYMfVWSiN973RNWJOKCUwE5fFUevCgLv44KWpCkHX29gbgIDGBmAvcwS~WQ__&Key-Pair-Id=APKAIEYUVEN4EVB2OKEQ", "thumbnail_width": 640, "thumbnail_height": 360, "title": "Luis Pedro Nunes minhas sobre a cobertura das tvs em rela\u00e7\u00e3o \u00e0 deten\u00e7\u00e3o de BdC", "type": "video", "version": "1.0", "width": 640}