{"height": 720, "html": "<iframe class=\"streamable-embed\" src=\"https://streamable.com/o/afv4s\" frameborder=\"0\" scrolling=\"no\" width=\"1280\" height=\"720\" allowfullscreen></iframe>", "provider_name": "Streamable", "provider_url": "https://streamable.com", "thumbnail_url": "//cdn-cf-east.streamable.com/image/afv4s.jpg?Expires=1788571740&Signature=Mv7AQA~Qx5BbaBUMT-a2657jc2s~PWel3jKdT1RHzL61n4-Cydn0GQcB-FKo-v9LAosXTV-YshGHJF5Kdz7KPYAoMQiLmVVufu~Sql8osWEYcBCVXB-sfQK-nQdIW52W1b9eHMbXeupH9miKVOxOWELXC9DU9WfZhK8IhQyfyzxpWn1w6MPtyMa8FGOXKzOTnG3nsgXtj0qQIkdDfEKK5yQFnrSjNDD~234EBnbYPaZT6gdsJt7ARQwnvSowTL7ijdgnWzRveSAKJ7Ll5eD8mMNv0giVXemUBWA515BN2~gIP7o-nbiyDQZsZHl2NSqrU2tJ0FP~bT-cT2es-YUQlA__&Key-Pair-Id=APKAIEYUVEN4EVB2OKEQ", "thumbnail_width": 1280, "thumbnail_height": 720, "title": "Jo\u00e3o Diogo Manteigas comenta a constitui\u00e7\u00e3o da Benfica SAD como arguida", "type": "video", "version": "1.0", "width": 1280}