{"height": 720, "html": "<iframe class=\"streamable-embed\" src=\"https://streamable.com/o/0doj5\" frameborder=\"0\" scrolling=\"no\" width=\"1280\" height=\"720\" allowfullscreen></iframe>", "provider_name": "Streamable", "provider_url": "https://streamable.com", "thumbnail_url": "//cdn-cf-east.streamable.com/image/0doj5.jpg?Expires=1788529620&Signature=iYMgvozN1HUMmDCSa24l5Tidoe4ljRY1ZaVinD9Fs1wiVrYjFpQtrvb6gmwfyV-0UA0~sG8Q-FxzFMXJhWJoAMHc7-eEDqG~Bnb~YvC1GNGhPuul5jmREVtQeWml6Fi5x4vhWxNS0Sl45dj8MZGxQ16qGpxTZpAcNJddW~Dy1HHrMwthQ5oegNYzeZjeomlnrWwvNjw6MltCTkwnoLAZrMCiApNDFj9hccjnDE6cRl0a2ckJpTE0sXq54gmDkG9MneNd2e8mEZUnVmNYgzeic4whtAd-kZavmhLuhFHEmtc~qHLIkGJ61s-h2mNuDjDNCFal7ufxIW7YpKmuRDciew__&Key-Pair-Id=APKAIEYUVEN4EVB2OKEQ", "thumbnail_width": 1280, "thumbnail_height": 720, "title": "Peter Fiab\u00e1ne oznamuje kandidat\u00faru na prim\u00e1tora - 20. marca 2018", "type": "video", "version": "1.0", "width": 1280}